{"id":808,"date":"2025-08-06T12:09:51","date_gmt":"2025-08-06T12:09:51","guid":{"rendered":"https:\/\/asatta.org\/?p=808"},"modified":"2025-08-06T12:41:49","modified_gmt":"2025-08-06T12:41:49","slug":"comunicado-corte-de-agua-en-tarifa-medidas-y-accion-coordinada-del-sector-empresarial","status":"publish","type":"post","link":"https:\/\/asatta.org\/index.php\/2025\/08\/06\/comunicado-corte-de-agua-en-tarifa-medidas-y-accion-coordinada-del-sector-empresarial\/","title":{"rendered":"Comunicado: Corte de Agua en Tarifa \u2013 Medidas y Acci\u00f3n Coordinada del Sector Empresarial"},"content":{"rendered":"\t\t<div data-elementor-type=\"wp-post\" data-elementor-id=\"808\" class=\"elementor elementor-808\" data-elementor-post-type=\"post\">\n\t\t\t\t\t\t<section class=\"elementor-section elementor-top-section elementor-element elementor-element-5de4fb7 elementor-section-boxed elementor-section-height-default elementor-section-height-default\" data-id=\"5de4fb7\" data-element_type=\"section\" data-e-type=\"section\">\n\t\t\t\t\t\t<div class=\"elementor-container elementor-column-gap-default\">\n\t\t\t\t\t<div class=\"elementor-column elementor-col-100 elementor-top-column elementor-element elementor-element-d43a805\" data-id=\"d43a805\" data-element_type=\"column\" data-e-type=\"column\">\n\t\t\t<div class=\"elementor-widget-wrap elementor-element-populated\">\n\t\t\t\t\t\t<div class=\"elementor-element elementor-element-53f20ed elementor-widget elementor-widget-image\" data-id=\"53f20ed\" data-element_type=\"widget\" data-e-type=\"widget\" data-widget_type=\"image.default\">\n\t\t\t\t<div class=\"elementor-widget-container\">\n\t\t\t\t\t\t\t\t\t\t\t\t\t\t\t<img fetchpriority=\"high\" decoding=\"async\" width=\"1024\" height=\"768\" src=\"https:\/\/asatta.org\/wp-content\/uploads\/2025\/08\/corte-de-agua-tarifa-1024x768.jpg\" class=\"attachment-large size-large wp-image-809\" alt=\"\" srcset=\"https:\/\/asatta.org\/wp-content\/uploads\/2025\/08\/corte-de-agua-tarifa-1024x768.jpg 1024w, https:\/\/asatta.org\/wp-content\/uploads\/2025\/08\/corte-de-agua-tarifa-300x225.jpg 300w, https:\/\/asatta.org\/wp-content\/uploads\/2025\/08\/corte-de-agua-tarifa-768x576.jpg 768w, https:\/\/asatta.org\/wp-content\/uploads\/2025\/08\/corte-de-agua-tarifa-1536x1152.jpg 1536w, https:\/\/asatta.org\/wp-content\/uploads\/2025\/08\/corte-de-agua-tarifa-600x450.jpg 600w, https:\/\/asatta.org\/wp-content\/uploads\/2025\/08\/corte-de-agua-tarifa.jpg 1600w\" sizes=\"(max-width: 1024px) 100vw, 1024px\" \/>\t\t\t\t\t\t\t\t\t\t\t\t\t\t\t<\/div>\n\t\t\t\t<\/div>\n\t\t\t\t\t<\/div>\n\t\t<\/div>\n\t\t\t\t\t<\/div>\n\t\t<\/section>\n\t\t\t\t<section class=\"elementor-section elementor-top-section elementor-element elementor-element-37853b3 elementor-section-boxed elementor-section-height-default elementor-section-height-default\" data-id=\"37853b3\" data-element_type=\"section\" data-e-type=\"section\">\n\t\t\t\t\t\t<div class=\"elementor-container elementor-column-gap-default\">\n\t\t\t\t\t<div class=\"elementor-column elementor-col-66 elementor-top-column elementor-element elementor-element-7b86d38\" data-id=\"7b86d38\" data-element_type=\"column\" data-e-type=\"column\">\n\t\t\t<div class=\"elementor-widget-wrap elementor-element-populated\">\n\t\t\t\t\t\t<div class=\"elementor-element elementor-element-a8f4a3a elementor-widget__width-initial elementor-widget elementor-widget-text-editor\" data-id=\"a8f4a3a\" data-element_type=\"widget\" data-e-type=\"widget\" data-widget_type=\"text-editor.default\">\n\t\t\t\t<div class=\"elementor-widget-container\">\n\t\t\t\t\t\t\t\t\t<p>Durante los \u00faltimos d\u00edas, Tarifa ha sufrido un grave corte de agua que ha afectado a buena parte del municipio, en plena temporada alta y con el destino a m\u00e1xima ocupaci\u00f3n. Varios sectores, especialmente el tur\u00edstico y hostelero, han sufrido cancelaciones, quejas, gastos adicionales y una notable p\u00e9rdida de actividad.<\/p><p>Desde la Asociaci\u00f3n de Alojamientos de Tarifa, y en coordinaci\u00f3n con la Federaci\u00f3n de Empresarios de Tarifa (FET), queremos informar que ya se ha emitido un comunicado oficial a medios de comunicaci\u00f3n exponiendo la situaci\u00f3n y exigiendo:<\/p><ul><li>Explicaciones y transparencia por parte de la empresa suministradora (Aqualia) y del Ayuntamiento.<\/li><li>Medidas urgentes para resolver el problema de forma definitiva.<\/li><li>Compensaciones y respuestas a los negocios y clientes afectados.<\/li><\/ul><p>Paralelamente, hemos iniciado una recogida de datos entre empresas afectadas a trav\u00e9s de un formulario, con el objetivo de documentar el alcance real de las p\u00e9rdidas y reforzar la reclamaci\u00f3n colectiva.<\/p>\t\t\t\t\t\t\t\t<\/div>\n\t\t\t\t<\/div>\n\t\t\t\t\t<\/div>\n\t\t<\/div>\n\t\t\t\t<div class=\"elementor-column elementor-col-33 elementor-top-column elementor-element elementor-element-04fe5fd\" data-id=\"04fe5fd\" data-element_type=\"column\" data-e-type=\"column\">\n\t\t\t<div class=\"elementor-widget-wrap elementor-element-populated\">\n\t\t\t\t\t\t<div class=\"elementor-element elementor-element-f4766b3 elementor-share-buttons--view-icon-text elementor-share-buttons--skin-gradient elementor-share-buttons--shape-square elementor-grid-0 elementor-share-buttons--color-official elementor-widget elementor-widget-share-buttons\" data-id=\"f4766b3\" data-element_type=\"widget\" data-e-type=\"widget\" data-widget_type=\"share-buttons.default\">\n\t\t\t\t<div class=\"elementor-widget-container\">\n\t\t\t\t\t\t\t<div class=\"elementor-grid\">\n\t\t\t\t\t\t\t\t<div class=\"elementor-grid-item\">\n\t\t\t\t\t\t<div\n\t\t\t\t\t\t\tclass=\"elementor-share-btn elementor-share-btn_facebook\"\n\t\t\t\t\t\t\trole=\"button\"\n\t\t\t\t\t\t\ttabindex=\"0\"\n\t\t\t\t\t\t\taria-label=\"Share on facebook\"\n\t\t\t\t\t\t>\n\t\t\t\t\t\t\t\t\t\t\t\t\t\t\t<span class=\"elementor-share-btn__icon\">\n\t\t\t\t\t\t\t\t<i class=\"fab fa-facebook\" aria-hidden=\"true\"><\/i>\t\t\t\t\t\t\t<\/span>\n\t\t\t\t\t\t\t\t\t\t\t\t\t\t\t\t\t\t\t\t\t\t<div class=\"elementor-share-btn__text\">\n\t\t\t\t\t\t\t\t\t\t\t\t\t\t\t\t\t\t\t<span class=\"elementor-share-btn__title\">\n\t\t\t\t\t\t\t\t\t\tFacebook\t\t\t\t\t\t\t\t\t<\/span>\n\t\t\t\t\t\t\t\t\t\t\t\t\t\t\t\t\t<\/div>\n\t\t\t\t\t\t\t\t\t\t\t\t\t<\/div>\n\t\t\t\t\t<\/div>\n\t\t\t\t\t\t\t\t\t<div class=\"elementor-grid-item\">\n\t\t\t\t\t\t<div\n\t\t\t\t\t\t\tclass=\"elementor-share-btn elementor-share-btn_twitter\"\n\t\t\t\t\t\t\trole=\"button\"\n\t\t\t\t\t\t\ttabindex=\"0\"\n\t\t\t\t\t\t\taria-label=\"Share on twitter\"\n\t\t\t\t\t\t>\n\t\t\t\t\t\t\t\t\t\t\t\t\t\t\t<span class=\"elementor-share-btn__icon\">\n\t\t\t\t\t\t\t\t<i class=\"fab fa-twitter\" aria-hidden=\"true\"><\/i>\t\t\t\t\t\t\t<\/span>\n\t\t\t\t\t\t\t\t\t\t\t\t\t\t\t\t\t\t\t\t\t\t<div class=\"elementor-share-btn__text\">\n\t\t\t\t\t\t\t\t\t\t\t\t\t\t\t\t\t\t\t<span class=\"elementor-share-btn__title\">\n\t\t\t\t\t\t\t\t\t\tTwitter\t\t\t\t\t\t\t\t\t<\/span>\n\t\t\t\t\t\t\t\t\t\t\t\t\t\t\t\t\t<\/div>\n\t\t\t\t\t\t\t\t\t\t\t\t\t<\/div>\n\t\t\t\t\t<\/div>\n\t\t\t\t\t\t\t\t\t<div class=\"elementor-grid-item\">\n\t\t\t\t\t\t<div\n\t\t\t\t\t\t\tclass=\"elementor-share-btn elementor-share-btn_linkedin\"\n\t\t\t\t\t\t\trole=\"button\"\n\t\t\t\t\t\t\ttabindex=\"0\"\n\t\t\t\t\t\t\taria-label=\"Share on linkedin\"\n\t\t\t\t\t\t>\n\t\t\t\t\t\t\t\t\t\t\t\t\t\t\t<span class=\"elementor-share-btn__icon\">\n\t\t\t\t\t\t\t\t<i class=\"fab fa-linkedin\" aria-hidden=\"true\"><\/i>\t\t\t\t\t\t\t<\/span>\n\t\t\t\t\t\t\t\t\t\t\t\t\t\t\t\t\t\t\t\t\t\t<div class=\"elementor-share-btn__text\">\n\t\t\t\t\t\t\t\t\t\t\t\t\t\t\t\t\t\t\t<span class=\"elementor-share-btn__title\">\n\t\t\t\t\t\t\t\t\t\tLinkedIn\t\t\t\t\t\t\t\t\t<\/span>\n\t\t\t\t\t\t\t\t\t\t\t\t\t\t\t\t\t<\/div>\n\t\t\t\t\t\t\t\t\t\t\t\t\t<\/div>\n\t\t\t\t\t<\/div>\n\t\t\t\t\t\t<\/div>\n\t\t\t\t\t\t<\/div>\n\t\t\t\t<\/div>\n\t\t\t\t\t<\/div>\n\t\t<\/div>\n\t\t\t\t\t<\/div>\n\t\t<\/section>\n\t\t\t\t<section class=\"elementor-section elementor-top-section elementor-element elementor-element-354402d elementor-section-boxed elementor-section-height-default elementor-section-height-default\" data-id=\"354402d\" data-element_type=\"section\" data-e-type=\"section\">\n\t\t\t\t\t\t<div class=\"elementor-container elementor-column-gap-default\">\n\t\t\t\t\t<div class=\"elementor-column elementor-col-100 elementor-top-column elementor-element elementor-element-863b913\" data-id=\"863b913\" data-element_type=\"column\" data-e-type=\"column\">\n\t\t\t<div class=\"elementor-widget-wrap elementor-element-populated\">\n\t\t\t\t\t\t<div class=\"elementor-element elementor-element-cf4f835 elementor-widget elementor-widget-heading\" data-id=\"cf4f835\" data-element_type=\"widget\" data-e-type=\"widget\" data-widget_type=\"heading.default\">\n\t\t\t\t<div class=\"elementor-widget-container\">\n\t\t\t\t\t<h2 class=\"elementor-heading-title elementor-size-default\">\u270d \u00bfTu negocio ha sido afectado?<\/h2>\t\t\t\t<\/div>\n\t\t\t\t<\/div>\n\t\t\t\t\t<\/div>\n\t\t<\/div>\n\t\t\t\t\t<\/div>\n\t\t<\/section>\n\t\t\t\t<section class=\"elementor-section elementor-top-section elementor-element elementor-element-c294caf elementor-section-boxed elementor-section-height-default elementor-section-height-default\" data-id=\"c294caf\" data-element_type=\"section\" data-e-type=\"section\">\n\t\t\t\t\t\t<div class=\"elementor-container elementor-column-gap-default\">\n\t\t\t\t\t<div class=\"elementor-column elementor-col-100 elementor-top-column elementor-element elementor-element-7dd4e02\" data-id=\"7dd4e02\" data-element_type=\"column\" data-e-type=\"column\">\n\t\t\t<div class=\"elementor-widget-wrap elementor-element-populated\">\n\t\t\t\t\t\t<div class=\"elementor-element elementor-element-322c19a elementor-widget elementor-widget-text-editor\" data-id=\"322c19a\" data-element_type=\"widget\" data-e-type=\"widget\" data-widget_type=\"text-editor.default\">\n\t\t\t\t<div class=\"elementor-widget-container\">\n\t\t\t\t\t\t\t\t\t<p>Si formas parte del sector tur\u00edstico o empresarial de Tarifa y has sufrido cancelaciones, quejas, devoluciones o gastos inesperados, por favor, contacta con nosotros o rellena el formulario que estamos distribuyendo entre los asociados.<\/p><p><a href=\"https:\/\/docs.google.com\/forms\/d\/e\/1FAIpQLSds3VscvZsu2wPWs_vkrXYOENhl9vI9qkmemVQzW-XIe6MTWQ\/viewform?usp=sharing&amp;ouid=100064665700507919619\"><strong><span style=\"color: #000080;\">\u00a1Accede al formulario!<\/span><\/strong><\/a><\/p><p>\ud83d\udce9 info@asatta.org<\/p><p>La situaci\u00f3n actual exige respuestas claras y soluciones estructurales. Tarifa no puede permitirse colapsos de este tipo cada verano.<\/p><p>Seguiremos informando.<\/p><p>Junta Directiva<\/p>\t\t\t\t\t\t\t\t<\/div>\n\t\t\t\t<\/div>\n\t\t\t\t\t<\/div>\n\t\t<\/div>\n\t\t\t\t\t<\/div>\n\t\t<\/section>\n\t\t\t\t<\/div>\n\t\t","protected":false},"excerpt":{"rendered":"<p>Durante los \u00faltimos d\u00edas, Tarifa ha sufrido un grave corte de agua que ha afectado a buena parte del municipio, en plena temporada alta y con el destino a m\u00e1xima ocupaci\u00f3n. Varios sectores, especialmente el tur\u00edstico y hostelero, han sufrido cancelaciones, quejas, gastos adicionales y una notable p\u00e9rdida de actividad. Desde la Asociaci\u00f3n de Alojamientos &hellip;<\/p>\n<p class=\"read-more\"> <a class=\"\" href=\"https:\/\/asatta.org\/index.php\/2025\/08\/06\/comunicado-corte-de-agua-en-tarifa-medidas-y-accion-coordinada-del-sector-empresarial\/\"> <span class=\"screen-reader-text\">Comunicado: Corte de Agua en Tarifa \u2013 Medidas y Acci\u00f3n Coordinada del Sector Empresarial<\/span> Leer m\u00e1s &raquo;<\/a><\/p>\n","protected":false},"author":1,"featured_media":0,"comment_status":"open","ping_status":"open","sticky":false,"template":"","format":"standard","meta":{"site-sidebar-layout":"default","site-content-layout":"","ast-site-content-layout":"default","site-content-style":"default","site-sidebar-style":"default","ast-global-header-display":"","ast-banner-title-visibility":"","ast-main-header-display":"","ast-hfb-above-header-display":"","ast-hfb-below-header-display":"","ast-hfb-mobile-header-display":"","site-post-title":"","ast-breadcrumbs-content":"","ast-featured-img":"","footer-sml-layout":"","theme-transparent-header-meta":"default","adv-header-id-meta":"","stick-header-meta":"","header-above-stick-meta":"","header-main-stick-meta":"","header-below-stick-meta":"","astra-migrate-meta-layouts":"set","footnotes":""},"categories":[22],"tags":[],"class_list":["post-808","post","type-post","status-publish","format-standard","hentry","category-aqualia"],"acf":[],"_links":{"self":[{"href":"https:\/\/asatta.org\/index.php\/wp-json\/wp\/v2\/posts\/808","targetHints":{"allow":["GET"]}}],"collection":[{"href":"https:\/\/asatta.org\/index.php\/wp-json\/wp\/v2\/posts"}],"about":[{"href":"https:\/\/asatta.org\/index.php\/wp-json\/wp\/v2\/types\/post"}],"author":[{"embeddable":true,"href":"https:\/\/asatta.org\/index.php\/wp-json\/wp\/v2\/users\/1"}],"replies":[{"embeddable":true,"href":"https:\/\/asatta.org\/index.php\/wp-json\/wp\/v2\/comments?post=808"}],"version-history":[{"count":7,"href":"https:\/\/asatta.org\/index.php\/wp-json\/wp\/v2\/posts\/808\/revisions"}],"predecessor-version":[{"id":836,"href":"https:\/\/asatta.org\/index.php\/wp-json\/wp\/v2\/posts\/808\/revisions\/836"}],"wp:attachment":[{"href":"https:\/\/asatta.org\/index.php\/wp-json\/wp\/v2\/media?parent=808"}],"wp:term":[{"taxonomy":"category","embeddable":true,"href":"https:\/\/asatta.org\/index.php\/wp-json\/wp\/v2\/categories?post=808"},{"taxonomy":"post_tag","embeddable":true,"href":"https:\/\/asatta.org\/index.php\/wp-json\/wp\/v2\/tags?post=808"}],"curies":[{"name":"wp","href":"https:\/\/api.w.org\/{rel}","templated":true}]}}